{"id":1133,"date":"2021-08-17T10:42:35","date_gmt":"2021-08-17T13:42:35","guid":{"rendered":"http:\/\/www.cpa.univasf.edu.br\/?p=1133"},"modified":"2021-11-08T17:34:18","modified_gmt":"2021-11-08T20:34:18","slug":"avaliacoes-2020-1-abertas","status":"publish","type":"post","link":"https:\/\/cpa.univasf.edu.br\/?p=1133","title":{"rendered":"Avalia\u00e7\u00f5es 2020.1 abertas!"},"content":{"rendered":"\n<figure class=\"wp-block-image\"><img loading=\"lazy\" decoding=\"async\" width=\"1024\" height=\"796\" src=\"https:\/\/cpa.univasf.edu.br\/wp-content\/uploads\/2021\/08\/AVALIA\u00c7\u00c3O-DOS-DOCENTES-1024x796.png\" alt=\"\" class=\"wp-image-1134\" srcset=\"https:\/\/cpa.univasf.edu.br\/wp-content\/uploads\/2021\/08\/AVALIA\u00c7\u00c3O-DOS-DOCENTES-1024x796.png 1024w, https:\/\/cpa.univasf.edu.br\/wp-content\/uploads\/2021\/08\/AVALIA\u00c7\u00c3O-DOS-DOCENTES-300x233.png 300w, https:\/\/cpa.univasf.edu.br\/wp-content\/uploads\/2021\/08\/AVALIA\u00c7\u00c3O-DOS-DOCENTES-768x597.png 768w, https:\/\/cpa.univasf.edu.br\/wp-content\/uploads\/2021\/08\/AVALIA\u00c7\u00c3O-DOS-DOCENTES-660x513.png 660w, https:\/\/cpa.univasf.edu.br\/wp-content\/uploads\/2021\/08\/AVALIA\u00c7\u00c3O-DOS-DOCENTES.png 1800w\" sizes=\"auto, (max-width: 1024px) 100vw, 1024px\" \/><\/figure>\n\n\n\n<p>A Comiss\u00e3o Pr\u00f3pria de Avalia\u00e7\u00e3o da Universidade Federal do Vale do S\u00e3o Francisco convida a comunidade acad\u00eamica para participar da constru\u00e7\u00e3o de uma universidade melhor, atrav\u00e9s da avalia\u00e7\u00e3o dos docentes&nbsp;pelos discentes e seus pares.<\/p>\n\n\n\n<p>Confira abaixo os links das avalia\u00e7\u00f5es.<\/p>\n\n\n\n<ul class=\"wp-block-list\"><li><del>Avalia\u00e7\u00e3o dos Docentes pelos Discentes<\/del><\/li><li><del>Avalia\u00e7\u00e3o dos Docentes pelos seus Pares<\/del><\/li><\/ul>\n\n\n\n<p>Essas avalia\u00e7\u00f5es s\u00e3o referentes ao per\u00edodo 2020.1 e estar\u00e3o abertas at\u00e9 o final do per\u00edodo 2020.2.<\/p>\n","protected":false},"excerpt":{"rendered":"<p>A Comiss\u00e3o Pr\u00f3pria de Avalia\u00e7\u00e3o da Universidade Federal do Vale do S\u00e3o Francisco convida a comunidade acad\u00eamica para participar da constru\u00e7\u00e3o de uma universidade melhor, atrav\u00e9s da avalia\u00e7\u00e3o dos docentes&nbsp;pelos discentes e seus pares. Confira abaixo os links das avalia\u00e7\u00f5es. Avalia\u00e7\u00e3o dos Docentes pelos Discentes Avalia\u00e7\u00e3o dos Docentes pelos seus Pares Essas avalia\u00e7\u00f5es s\u00e3o referentes\u2026 <span class=\"read-more\"><a href=\"https:\/\/cpa.univasf.edu.br\/?p=1133\">Read More &raquo;<\/a><\/span><\/p>\n","protected":false},"author":1,"featured_media":1134,"comment_status":"open","ping_status":"open","sticky":false,"template":"","format":"standard","meta":{"_exactmetrics_skip_tracking":false,"_exactmetrics_sitenote_active":false,"_exactmetrics_sitenote_note":"","_exactmetrics_sitenote_category":0,"footnotes":""},"categories":[1],"tags":[4,8,6],"class_list":["post-1133","post","type-post","status-publish","format-standard","has-post-thumbnail","hentry","category-sem-categoria","tag-avaliacao","tag-discentes","tag-docentes"],"jetpack_featured_media_url":"https:\/\/cpa.univasf.edu.br\/wp-content\/uploads\/2021\/08\/AVALIA\u00c7\u00c3O-DOS-DOCENTES.png","_links":{"self":[{"href":"https:\/\/cpa.univasf.edu.br\/index.php?rest_route=\/wp\/v2\/posts\/1133","targetHints":{"allow":["GET"]}}],"collection":[{"href":"https:\/\/cpa.univasf.edu.br\/index.php?rest_route=\/wp\/v2\/posts"}],"about":[{"href":"https:\/\/cpa.univasf.edu.br\/index.php?rest_route=\/wp\/v2\/types\/post"}],"author":[{"embeddable":true,"href":"https:\/\/cpa.univasf.edu.br\/index.php?rest_route=\/wp\/v2\/users\/1"}],"replies":[{"embeddable":true,"href":"https:\/\/cpa.univasf.edu.br\/index.php?rest_route=%2Fwp%2Fv2%2Fcomments&post=1133"}],"version-history":[{"count":2,"href":"https:\/\/cpa.univasf.edu.br\/index.php?rest_route=\/wp\/v2\/posts\/1133\/revisions"}],"predecessor-version":[{"id":1152,"href":"https:\/\/cpa.univasf.edu.br\/index.php?rest_route=\/wp\/v2\/posts\/1133\/revisions\/1152"}],"wp:featuredmedia":[{"embeddable":true,"href":"https:\/\/cpa.univasf.edu.br\/index.php?rest_route=\/wp\/v2\/media\/1134"}],"wp:attachment":[{"href":"https:\/\/cpa.univasf.edu.br\/index.php?rest_route=%2Fwp%2Fv2%2Fmedia&parent=1133"}],"wp:term":[{"taxonomy":"category","embeddable":true,"href":"https:\/\/cpa.univasf.edu.br\/index.php?rest_route=%2Fwp%2Fv2%2Fcategories&post=1133"},{"taxonomy":"post_tag","embeddable":true,"href":"https:\/\/cpa.univasf.edu.br\/index.php?rest_route=%2Fwp%2Fv2%2Ftags&post=1133"}],"curies":[{"name":"wp","href":"https:\/\/api.w.org\/{rel}","templated":true}]}}