{"id":1368,"date":"2022-10-18T09:07:19","date_gmt":"2022-10-18T12:07:19","guid":{"rendered":"http:\/\/www.cpa.univasf.edu.br\/?p=1368"},"modified":"2023-03-09T08:59:45","modified_gmt":"2023-03-09T11:59:45","slug":"avaliacoes-2021-2-aberta","status":"publish","type":"post","link":"https:\/\/cpa.univasf.edu.br\/?p=1368","title":{"rendered":"Avalia\u00e7\u00f5es 2021.2 aberta!"},"content":{"rendered":"\n<figure class=\"wp-block-image\"><img loading=\"lazy\" decoding=\"async\" width=\"800\" height=\"800\" src=\"https:\/\/cpa.univasf.edu.br\/wp-content\/uploads\/2022\/10\/318e2dd1-0b74-4233-b634-ea65bd986dae.jpg\" alt=\"\" class=\"wp-image-1369\" srcset=\"https:\/\/cpa.univasf.edu.br\/wp-content\/uploads\/2022\/10\/318e2dd1-0b74-4233-b634-ea65bd986dae.jpg 800w, https:\/\/cpa.univasf.edu.br\/wp-content\/uploads\/2022\/10\/318e2dd1-0b74-4233-b634-ea65bd986dae-150x150.jpg 150w, https:\/\/cpa.univasf.edu.br\/wp-content\/uploads\/2022\/10\/318e2dd1-0b74-4233-b634-ea65bd986dae-300x300.jpg 300w, https:\/\/cpa.univasf.edu.br\/wp-content\/uploads\/2022\/10\/318e2dd1-0b74-4233-b634-ea65bd986dae-768x768.jpg 768w, https:\/\/cpa.univasf.edu.br\/wp-content\/uploads\/2022\/10\/318e2dd1-0b74-4233-b634-ea65bd986dae-660x660.jpg 660w\" sizes=\"auto, (max-width: 800px) 100vw, 800px\" \/><\/figure>\n\n\n\n<p> A Comiss\u00e3o Pr\u00f3pria de Avalia\u00e7\u00e3o da Universidade Federal do Vale do S\u00e3o Francisco, convida a comunidade acad\u00eamica para participar da constru\u00e7\u00e3o de uma universidade melhor, atrav\u00e9s da avalia\u00e7\u00e3o dos docentes pelos discentes e seus pares. <\/p>\n\n\n\n<p> Confira abaixo os links das avalia\u00e7\u00f5es: <\/p>\n\n\n\n<ul class=\"wp-block-list\"><li> <del>Avalia\u00e7\u00e3o dos Docentes pelos Discentes<\/del><\/li><li><del>Avalia\u00e7\u00e3o dos Docentes pelos seus Pares<\/del> <\/li><\/ul>\n\n\n\n<p> As avalia\u00e7\u00f5es ficar\u00e3o dispon\u00edveis at\u00e9 o inicio do semestre 2022.2<\/p>\n\n\n\n<p><\/p>\n","protected":false},"excerpt":{"rendered":"<p>A Comiss\u00e3o Pr\u00f3pria de Avalia\u00e7\u00e3o da Universidade Federal do Vale do S\u00e3o Francisco, convida a comunidade acad\u00eamica para participar da constru\u00e7\u00e3o de uma universidade melhor, atrav\u00e9s da avalia\u00e7\u00e3o dos docentes pelos discentes e seus pares. Confira abaixo os links das avalia\u00e7\u00f5es: Avalia\u00e7\u00e3o dos Docentes pelos Discentes Avalia\u00e7\u00e3o dos Docentes pelos seus Pares As avalia\u00e7\u00f5es ficar\u00e3o\u2026 <span class=\"read-more\"><a href=\"https:\/\/cpa.univasf.edu.br\/?p=1368\">Read More &raquo;<\/a><\/span><\/p>\n","protected":false},"author":1,"featured_media":0,"comment_status":"open","ping_status":"open","sticky":false,"template":"","format":"standard","meta":{"_exactmetrics_skip_tracking":false,"_exactmetrics_sitenote_active":false,"_exactmetrics_sitenote_note":"","_exactmetrics_sitenote_category":0,"footnotes":""},"categories":[1],"tags":[],"class_list":["post-1368","post","type-post","status-publish","format-standard","hentry","category-sem-categoria"],"jetpack_featured_media_url":"","_links":{"self":[{"href":"https:\/\/cpa.univasf.edu.br\/index.php?rest_route=\/wp\/v2\/posts\/1368","targetHints":{"allow":["GET"]}}],"collection":[{"href":"https:\/\/cpa.univasf.edu.br\/index.php?rest_route=\/wp\/v2\/posts"}],"about":[{"href":"https:\/\/cpa.univasf.edu.br\/index.php?rest_route=\/wp\/v2\/types\/post"}],"author":[{"embeddable":true,"href":"https:\/\/cpa.univasf.edu.br\/index.php?rest_route=\/wp\/v2\/users\/1"}],"replies":[{"embeddable":true,"href":"https:\/\/cpa.univasf.edu.br\/index.php?rest_route=%2Fwp%2Fv2%2Fcomments&post=1368"}],"version-history":[{"count":2,"href":"https:\/\/cpa.univasf.edu.br\/index.php?rest_route=\/wp\/v2\/posts\/1368\/revisions"}],"predecessor-version":[{"id":1377,"href":"https:\/\/cpa.univasf.edu.br\/index.php?rest_route=\/wp\/v2\/posts\/1368\/revisions\/1377"}],"wp:attachment":[{"href":"https:\/\/cpa.univasf.edu.br\/index.php?rest_route=%2Fwp%2Fv2%2Fmedia&parent=1368"}],"wp:term":[{"taxonomy":"category","embeddable":true,"href":"https:\/\/cpa.univasf.edu.br\/index.php?rest_route=%2Fwp%2Fv2%2Fcategories&post=1368"},{"taxonomy":"post_tag","embeddable":true,"href":"https:\/\/cpa.univasf.edu.br\/index.php?rest_route=%2Fwp%2Fv2%2Ftags&post=1368"}],"curies":[{"name":"wp","href":"https:\/\/api.w.org\/{rel}","templated":true}]}}