{"id":1382,"date":"2023-04-19T12:25:50","date_gmt":"2023-04-19T15:25:50","guid":{"rendered":"http:\/\/www.cpa.univasf.edu.br\/?p=1382"},"modified":"2023-09-04T14:25:29","modified_gmt":"2023-09-04T17:25:29","slug":"avaliacoes-2022-1-aberta","status":"publish","type":"post","link":"https:\/\/cpa.univasf.edu.br\/?p=1382","title":{"rendered":"Avalia\u00e7\u00f5es 2022.1 aberta!"},"content":{"rendered":"\n<p>AVISO!! O problema encontrado nos dados da avalia\u00e7\u00e3o semestral j\u00e1 foi resolvido e a avalia\u00e7\u00e3o j\u00e1 se encontra normalizada!<\/p>\n\n\n\n<p>Pedimos desculpas pelo transtorno, qualquer quest\u00e3o entrar em contato com a CPA via e-mail:  <br>cpae@univasf.edu.br <\/p>\n\n\n\n<figure class=\"wp-block-image\"><img loading=\"lazy\" decoding=\"async\" width=\"1024\" height=\"1024\" src=\"https:\/\/cpa.univasf.edu.br\/wp-content\/uploads\/2023\/04\/banner2022.1-1024x1024.png\" alt=\"\" class=\"wp-image-1383\" srcset=\"https:\/\/cpa.univasf.edu.br\/wp-content\/uploads\/2023\/04\/banner2022.1-1024x1024.png 1024w, https:\/\/cpa.univasf.edu.br\/wp-content\/uploads\/2023\/04\/banner2022.1-150x150.png 150w, https:\/\/cpa.univasf.edu.br\/wp-content\/uploads\/2023\/04\/banner2022.1-300x300.png 300w, https:\/\/cpa.univasf.edu.br\/wp-content\/uploads\/2023\/04\/banner2022.1-768x768.png 768w, https:\/\/cpa.univasf.edu.br\/wp-content\/uploads\/2023\/04\/banner2022.1-660x660.png 660w, https:\/\/cpa.univasf.edu.br\/wp-content\/uploads\/2023\/04\/banner2022.1.png 1080w\" sizes=\"auto, (max-width: 1024px) 100vw, 1024px\" \/><\/figure>\n\n\n\n<p><\/p>\n\n\n\n<p> A Comiss\u00e3o Pr\u00f3pria de Avalia\u00e7\u00e3o da Universidade Federal do Vale do S\u00e3o Francisco, convida a comunidade acad\u00eamica para participar da constru\u00e7\u00e3o de uma universidade melhor, atrav\u00e9s da avalia\u00e7\u00e3o dos docentes pelos discentes e seus pares.  <\/p>\n\n\n\n<p>\n\n Confira abaixo os links das avalia\u00e7\u00f5es: \n\n<\/p>\n\n\n\n<ul class=\"wp-block-list\"><li><del>Avalia\u00e7\u00e3o dos Docentes pelos Discentes<\/del><\/li><li><del>Avalia\u00e7\u00e3o dos Docentes pelos seus Pares<\/del> <\/li><\/ul>\n\n\n\n<p><\/p>\n\n\n\n<p>\n\nAs avalia\u00e7\u00f5es ficar\u00e3o dispon\u00edveis at\u00e9 o inicio do semestre 2023.1 \n\n<\/p>\n","protected":false},"excerpt":{"rendered":"<p>AVISO!! O problema encontrado nos dados da avalia\u00e7\u00e3o semestral j\u00e1 foi resolvido e a avalia\u00e7\u00e3o j\u00e1 se encontra normalizada! Pedimos desculpas pelo transtorno, qualquer quest\u00e3o entrar em contato com a CPA via e-mail: cpae@univasf.edu.br A Comiss\u00e3o Pr\u00f3pria de Avalia\u00e7\u00e3o da Universidade Federal do Vale do S\u00e3o Francisco, convida a comunidade acad\u00eamica para participar da constru\u00e7\u00e3o\u2026 <span class=\"read-more\"><a href=\"https:\/\/cpa.univasf.edu.br\/?p=1382\">Read More &raquo;<\/a><\/span><\/p>\n","protected":false},"author":1,"featured_media":0,"comment_status":"open","ping_status":"open","sticky":false,"template":"","format":"standard","meta":{"_exactmetrics_skip_tracking":false,"_exactmetrics_sitenote_active":false,"_exactmetrics_sitenote_note":"","_exactmetrics_sitenote_category":0,"footnotes":""},"categories":[1],"tags":[],"class_list":["post-1382","post","type-post","status-publish","format-standard","hentry","category-sem-categoria"],"jetpack_featured_media_url":"","_links":{"self":[{"href":"https:\/\/cpa.univasf.edu.br\/index.php?rest_route=\/wp\/v2\/posts\/1382","targetHints":{"allow":["GET"]}}],"collection":[{"href":"https:\/\/cpa.univasf.edu.br\/index.php?rest_route=\/wp\/v2\/posts"}],"about":[{"href":"https:\/\/cpa.univasf.edu.br\/index.php?rest_route=\/wp\/v2\/types\/post"}],"author":[{"embeddable":true,"href":"https:\/\/cpa.univasf.edu.br\/index.php?rest_route=\/wp\/v2\/users\/1"}],"replies":[{"embeddable":true,"href":"https:\/\/cpa.univasf.edu.br\/index.php?rest_route=%2Fwp%2Fv2%2Fcomments&post=1382"}],"version-history":[{"count":6,"href":"https:\/\/cpa.univasf.edu.br\/index.php?rest_route=\/wp\/v2\/posts\/1382\/revisions"}],"predecessor-version":[{"id":1412,"href":"https:\/\/cpa.univasf.edu.br\/index.php?rest_route=\/wp\/v2\/posts\/1382\/revisions\/1412"}],"wp:attachment":[{"href":"https:\/\/cpa.univasf.edu.br\/index.php?rest_route=%2Fwp%2Fv2%2Fmedia&parent=1382"}],"wp:term":[{"taxonomy":"category","embeddable":true,"href":"https:\/\/cpa.univasf.edu.br\/index.php?rest_route=%2Fwp%2Fv2%2Fcategories&post=1382"},{"taxonomy":"post_tag","embeddable":true,"href":"https:\/\/cpa.univasf.edu.br\/index.php?rest_route=%2Fwp%2Fv2%2Ftags&post=1382"}],"curies":[{"name":"wp","href":"https:\/\/api.w.org\/{rel}","templated":true}]}}