{"id":1415,"date":"2023-09-06T16:06:21","date_gmt":"2023-09-06T19:06:21","guid":{"rendered":"http:\/\/www.cpa.univasf.edu.br\/?p=1415"},"modified":"2023-09-06T16:06:24","modified_gmt":"2023-09-06T19:06:24","slug":"avaliacoes-2022-2-aberta","status":"publish","type":"post","link":"https:\/\/cpa.univasf.edu.br\/?p=1415","title":{"rendered":"Avalia\u00e7\u00f5es 2022.2 aberta!"},"content":{"rendered":"\n<figure class=\"wp-block-image\"><img loading=\"lazy\" decoding=\"async\" width=\"1024\" height=\"1024\" src=\"https:\/\/cpa.univasf.edu.br\/wp-content\/uploads\/2023\/09\/banner_2022.2-1024x1024.png\" alt=\"\" class=\"wp-image-1416\" srcset=\"https:\/\/cpa.univasf.edu.br\/wp-content\/uploads\/2023\/09\/banner_2022.2-1024x1024.png 1024w, https:\/\/cpa.univasf.edu.br\/wp-content\/uploads\/2023\/09\/banner_2022.2-150x150.png 150w, https:\/\/cpa.univasf.edu.br\/wp-content\/uploads\/2023\/09\/banner_2022.2-300x300.png 300w, https:\/\/cpa.univasf.edu.br\/wp-content\/uploads\/2023\/09\/banner_2022.2-768x768.png 768w, https:\/\/cpa.univasf.edu.br\/wp-content\/uploads\/2023\/09\/banner_2022.2-660x660.png 660w, https:\/\/cpa.univasf.edu.br\/wp-content\/uploads\/2023\/09\/banner_2022.2.png 1080w\" sizes=\"auto, (max-width: 1024px) 100vw, 1024px\" \/><\/figure>\n\n\n\n<p>A Comiss\u00e3o Pr\u00f3pria de Avalia\u00e7\u00e3o da Universidade Federal do Vale do S\u00e3o Francisco, convida a comunidade acad\u00eamica para participar da constru\u00e7\u00e3o de uma universidade melhor, atrav\u00e9s da avalia\u00e7\u00e3o dos docentes pelos discentes e seus pares.<\/p>\n\n\n\n<p>Confira abaixo os links das avalia\u00e7\u00f5es:<\/p>\n\n\n\n<ul class=\"wp-block-list\"><li><a href=\"http:\/\/www.avaliacaograduacao.univasf.edu.br:8080\/222\/aluno\/login\">Avalia\u00e7\u00e3o dos Docentes pelos Discentes<\/a><\/li><li><a href=\"http:\/\/www.avaliacaograduacao.univasf.edu.br:8080\/pares222\/professor\/login\">Avalia\u00e7\u00e3o dos Docentes pelos seus Pares<\/a><\/li><\/ul>\n\n\n\n<p>As avalia\u00e7\u00f5es ficar\u00e3o dispon\u00edveis at\u00e9 o inicio do semestre 2023.2<\/p>\n","protected":false},"excerpt":{"rendered":"<p>A Comiss\u00e3o Pr\u00f3pria de Avalia\u00e7\u00e3o da Universidade Federal do Vale do S\u00e3o Francisco, convida a comunidade acad\u00eamica para participar da constru\u00e7\u00e3o de uma universidade melhor, atrav\u00e9s da avalia\u00e7\u00e3o dos docentes pelos discentes e seus pares. Confira abaixo os links das avalia\u00e7\u00f5es: Avalia\u00e7\u00e3o dos Docentes pelos Discentes Avalia\u00e7\u00e3o dos Docentes pelos seus Pares As avalia\u00e7\u00f5es ficar\u00e3o\u2026 <span class=\"read-more\"><a href=\"https:\/\/cpa.univasf.edu.br\/?p=1415\">Read More &raquo;<\/a><\/span><\/p>\n","protected":false},"author":1,"featured_media":0,"comment_status":"open","ping_status":"open","sticky":false,"template":"","format":"standard","meta":{"_exactmetrics_skip_tracking":false,"_exactmetrics_sitenote_active":false,"_exactmetrics_sitenote_note":"","_exactmetrics_sitenote_category":0,"footnotes":""},"categories":[1],"tags":[],"class_list":["post-1415","post","type-post","status-publish","format-standard","hentry","category-sem-categoria"],"jetpack_featured_media_url":"","_links":{"self":[{"href":"https:\/\/cpa.univasf.edu.br\/index.php?rest_route=\/wp\/v2\/posts\/1415","targetHints":{"allow":["GET"]}}],"collection":[{"href":"https:\/\/cpa.univasf.edu.br\/index.php?rest_route=\/wp\/v2\/posts"}],"about":[{"href":"https:\/\/cpa.univasf.edu.br\/index.php?rest_route=\/wp\/v2\/types\/post"}],"author":[{"embeddable":true,"href":"https:\/\/cpa.univasf.edu.br\/index.php?rest_route=\/wp\/v2\/users\/1"}],"replies":[{"embeddable":true,"href":"https:\/\/cpa.univasf.edu.br\/index.php?rest_route=%2Fwp%2Fv2%2Fcomments&post=1415"}],"version-history":[{"count":1,"href":"https:\/\/cpa.univasf.edu.br\/index.php?rest_route=\/wp\/v2\/posts\/1415\/revisions"}],"predecessor-version":[{"id":1417,"href":"https:\/\/cpa.univasf.edu.br\/index.php?rest_route=\/wp\/v2\/posts\/1415\/revisions\/1417"}],"wp:attachment":[{"href":"https:\/\/cpa.univasf.edu.br\/index.php?rest_route=%2Fwp%2Fv2%2Fmedia&parent=1415"}],"wp:term":[{"taxonomy":"category","embeddable":true,"href":"https:\/\/cpa.univasf.edu.br\/index.php?rest_route=%2Fwp%2Fv2%2Fcategories&post=1415"},{"taxonomy":"post_tag","embeddable":true,"href":"https:\/\/cpa.univasf.edu.br\/index.php?rest_route=%2Fwp%2Fv2%2Ftags&post=1415"}],"curies":[{"name":"wp","href":"https:\/\/api.w.org\/{rel}","templated":true}]}}