{"id":1420,"date":"2023-10-25T00:00:18","date_gmt":"2023-10-25T03:00:18","guid":{"rendered":"http:\/\/www.cpa.univasf.edu.br\/?p=1420"},"modified":"2023-12-11T11:44:54","modified_gmt":"2023-12-11T14:44:54","slug":"avaliacao-anual-pela-comunidade-academica-2023","status":"publish","type":"post","link":"https:\/\/cpa.univasf.edu.br\/?p=1420","title":{"rendered":"Avalia\u00e7\u00e3o Anual pela Comunidade Acad\u00eamica &#8211; 2023"},"content":{"rendered":"\n<figure class=\"wp-block-image\"><img loading=\"lazy\" decoding=\"async\" width=\"1024\" height=\"786\" src=\"https:\/\/cpa.univasf.edu.br\/wp-content\/uploads\/2023\/12\/20222-AVALIA\u00c7\u00c3O-DOS-DOCENTES-23-1024x786.png\" alt=\"\" class=\"wp-image-1430\" srcset=\"https:\/\/cpa.univasf.edu.br\/wp-content\/uploads\/2023\/12\/20222-AVALIA\u00c7\u00c3O-DOS-DOCENTES-23-1024x786.png 1024w, https:\/\/cpa.univasf.edu.br\/wp-content\/uploads\/2023\/12\/20222-AVALIA\u00c7\u00c3O-DOS-DOCENTES-23-300x230.png 300w, https:\/\/cpa.univasf.edu.br\/wp-content\/uploads\/2023\/12\/20222-AVALIA\u00c7\u00c3O-DOS-DOCENTES-23-768x590.png 768w, https:\/\/cpa.univasf.edu.br\/wp-content\/uploads\/2023\/12\/20222-AVALIA\u00c7\u00c3O-DOS-DOCENTES-23-660x507.png 660w, https:\/\/cpa.univasf.edu.br\/wp-content\/uploads\/2023\/12\/20222-AVALIA\u00c7\u00c3O-DOS-DOCENTES-23.png 1026w\" sizes=\"auto, (max-width: 1024px) 100vw, 1024px\" \/><\/figure>\n\n\n\n<p> A Comiss\u00e3o Pr\u00f3pria de Avalia\u00e7\u00e3o da Universidade Federal do Vale do  S\u00e3o Francisco convida a comunidade acad\u00eamica para participar do processo  de melhoria da universidade, por meio da avalia\u00e7\u00e3o anual referente ao ano de 2023.<\/p>\n\n\n\n<p> Para que haja o progresso e a evolu\u00e7\u00e3o de uma institui\u00e7\u00e3o, torna-se  imprescind\u00edvel o seu autoconhecimento, que permitir\u00e1 a identifica\u00e7\u00e3o de  fragilidades e o fortalecimento e a manuten\u00e7\u00e3o dos aspectos positivos.  Os resultados desta avalia\u00e7\u00e3o ser\u00e3o utilizados para fins de melhoria  cont\u00ednua. <\/p>\n\n\n\n<p>Agradecemos antecipadamente a sua participa\u00e7\u00e3o nesta importante tarefa. <\/p>\n\n\n\n<p>Toda comunidade acad\u00eamica est\u00e1 habilitada a participar: discentes, docentes e t\u00e9cnicos administrativos.<br>Para  ter acesso basta informar como Token de acesso o n\u00famero de CPF (sem  pontos ou tra\u00e7os)&nbsp;precedido pelo c\u00f3digo de sua categoria que informamos a  seguir: para discentes&nbsp;<strong>DI<\/strong>; para docentes&nbsp;<strong>DO<\/strong>; e para t\u00e9cnicos administrativos&nbsp;<strong>TA<\/strong>. <\/p>\n\n\n\n<p>Exemplo, se voc\u00ea \u00e9 um t\u00e9cnico administrativo e seu CPF \u00e9 123.456.789-00, o seu Token de acesso \u00e9&nbsp;<strong>TA12345678900<\/strong>, no caso de ser um discente com CPF 111.222.333-00 seu Token de acesso \u00e9&nbsp;<strong>DI11122233300<\/strong>.<\/p>\n\n\n\n<p>A avalia\u00e7\u00e3o pode ser acessada pelo link a seguir:<\/p>\n\n\n\n<p><a href=\"http:\/\/www.avaliacaograduacao.univasf.edu.br\/index.php\/742151?lang=pt-BR\">Avalia\u00e7\u00e3o Anual<\/a><\/p>\n\n\n\n<p> A Avalia\u00e7\u00e3o Anual 2023 ficar\u00e1 aberta para toda Comunidade Acad\u00eamica a partir da<strong> 00h<\/strong> do dia <strong>25\/10\/2023<\/strong> at\u00e9 \u00e0s <strong>23h59min<\/strong> do dia\u00a0<strong>30\/12\/2023<\/strong>. <\/p>\n","protected":false},"excerpt":{"rendered":"<p>A Comiss\u00e3o Pr\u00f3pria de Avalia\u00e7\u00e3o da Universidade Federal do Vale do S\u00e3o Francisco convida a comunidade acad\u00eamica para participar do processo de melhoria da universidade, por meio da avalia\u00e7\u00e3o anual referente ao ano de 2023. Para que haja o progresso e a evolu\u00e7\u00e3o de uma institui\u00e7\u00e3o, torna-se imprescind\u00edvel o seu autoconhecimento, que permitir\u00e1 a identifica\u00e7\u00e3o\u2026 <span class=\"read-more\"><a href=\"https:\/\/cpa.univasf.edu.br\/?p=1420\">Read More &raquo;<\/a><\/span><\/p>\n","protected":false},"author":1,"featured_media":0,"comment_status":"open","ping_status":"open","sticky":false,"template":"","format":"standard","meta":{"_exactmetrics_skip_tracking":false,"_exactmetrics_sitenote_active":false,"_exactmetrics_sitenote_note":"","_exactmetrics_sitenote_category":0,"footnotes":""},"categories":[1],"tags":[],"class_list":["post-1420","post","type-post","status-publish","format-standard","hentry","category-sem-categoria"],"jetpack_featured_media_url":"","_links":{"self":[{"href":"https:\/\/cpa.univasf.edu.br\/index.php?rest_route=\/wp\/v2\/posts\/1420","targetHints":{"allow":["GET"]}}],"collection":[{"href":"https:\/\/cpa.univasf.edu.br\/index.php?rest_route=\/wp\/v2\/posts"}],"about":[{"href":"https:\/\/cpa.univasf.edu.br\/index.php?rest_route=\/wp\/v2\/types\/post"}],"author":[{"embeddable":true,"href":"https:\/\/cpa.univasf.edu.br\/index.php?rest_route=\/wp\/v2\/users\/1"}],"replies":[{"embeddable":true,"href":"https:\/\/cpa.univasf.edu.br\/index.php?rest_route=%2Fwp%2Fv2%2Fcomments&post=1420"}],"version-history":[{"count":4,"href":"https:\/\/cpa.univasf.edu.br\/index.php?rest_route=\/wp\/v2\/posts\/1420\/revisions"}],"predecessor-version":[{"id":1431,"href":"https:\/\/cpa.univasf.edu.br\/index.php?rest_route=\/wp\/v2\/posts\/1420\/revisions\/1431"}],"wp:attachment":[{"href":"https:\/\/cpa.univasf.edu.br\/index.php?rest_route=%2Fwp%2Fv2%2Fmedia&parent=1420"}],"wp:term":[{"taxonomy":"category","embeddable":true,"href":"https:\/\/cpa.univasf.edu.br\/index.php?rest_route=%2Fwp%2Fv2%2Fcategories&post=1420"},{"taxonomy":"post_tag","embeddable":true,"href":"https:\/\/cpa.univasf.edu.br\/index.php?rest_route=%2Fwp%2Fv2%2Ftags&post=1420"}],"curies":[{"name":"wp","href":"https:\/\/api.w.org\/{rel}","templated":true}]}}