{"id":197,"date":"2017-06-21T14:46:46","date_gmt":"2017-06-21T17:46:46","guid":{"rendered":"http:\/\/www.cpa.univasf.edu.br\/?p=197"},"modified":"2018-09-24T09:04:53","modified_gmt":"2018-09-24T12:04:53","slug":"avaliacoes-20162-2-abertas","status":"publish","type":"post","link":"https:\/\/cpa.univasf.edu.br\/?p=197","title":{"rendered":"Avalia\u00e7\u00f5es 2016.2 Abertas!"},"content":{"rendered":"<p><img loading=\"lazy\" decoding=\"async\" class=\"alignnone wp-image-198 aligncenter\" src=\"https:\/\/cpa.univasf.edu.br\/wp-content\/uploads\/2017\/06\/1.jpg\" alt=\"\" width=\"625\" height=\"613\" srcset=\"https:\/\/cpa.univasf.edu.br\/wp-content\/uploads\/2017\/06\/1.jpg 2028w, https:\/\/cpa.univasf.edu.br\/wp-content\/uploads\/2017\/06\/1-300x294.jpg 300w, https:\/\/cpa.univasf.edu.br\/wp-content\/uploads\/2017\/06\/1-768x754.jpg 768w, https:\/\/cpa.univasf.edu.br\/wp-content\/uploads\/2017\/06\/1-1024x1005.jpg 1024w, https:\/\/cpa.univasf.edu.br\/wp-content\/uploads\/2017\/06\/1-660x648.jpg 660w\" sizes=\"auto, (max-width: 625px) 100vw, 625px\" \/><\/p>\n<p>&nbsp;<\/p>\n<p>A Comiss\u00e3o Pr\u00f3pria de Avalia\u00e7\u00e3o da Universidade Federal do Vale do S\u00e3o Francisco, convida a comunidade acad\u00eamica para participar da constru\u00e7\u00e3o de uma universidade melhor, atrav\u00e9s da avalia\u00e7\u00e3o dos docentes\u00a0pelos discentes e\u00a0seus pares.<\/p>\n<p>Confira abaixo os links das avalia\u00e7\u00f5es.<\/p>\n<ul>\n<li><a href=\"http:\/\/www.avaliacaograduacao.univasf.edu.br:8080\/162\/aluno\/login\"><strong>Avalia\u00e7\u00e3o dos Docentes pelos Discentes<\/strong><\/a><\/li>\n<li><a href=\"http:\/\/www.avaliacaograduacao.univasf.edu.br:8080\/pares162\/professor\/login\"><strong>Avalia\u00e7\u00e3o dos Docentes pelos seus Pares<\/strong><\/a><\/li>\n<\/ul>\n","protected":false},"excerpt":{"rendered":"<p>&nbsp; A Comiss\u00e3o Pr\u00f3pria de Avalia\u00e7\u00e3o da Universidade Federal do Vale do S\u00e3o Francisco, convida a comunidade acad\u00eamica para participar da constru\u00e7\u00e3o de uma universidade melhor, atrav\u00e9s da avalia\u00e7\u00e3o dos docentes\u00a0pelos discentes e\u00a0seus pares. Confira abaixo os links das avalia\u00e7\u00f5es. Avalia\u00e7\u00e3o dos Docentes pelos Discentes Avalia\u00e7\u00e3o dos Docentes pelos seus Pares<\/p>\n","protected":false},"author":1,"featured_media":198,"comment_status":"open","ping_status":"open","sticky":false,"template":"","format":"standard","meta":{"_exactmetrics_skip_tracking":false,"_exactmetrics_sitenote_active":false,"_exactmetrics_sitenote_note":"","_exactmetrics_sitenote_category":0,"footnotes":""},"categories":[12,13],"tags":[5,17,4,8,6],"class_list":["post-197","post","type-post","status-publish","format-standard","has-post-thumbnail","hentry","category-avaliacoes","category-avaliacoes-docentes","tag-5","tag-abertura","tag-avaliacao","tag-discentes","tag-docentes"],"jetpack_featured_media_url":"https:\/\/cpa.univasf.edu.br\/wp-content\/uploads\/2017\/06\/1.jpg","_links":{"self":[{"href":"https:\/\/cpa.univasf.edu.br\/index.php?rest_route=\/wp\/v2\/posts\/197","targetHints":{"allow":["GET"]}}],"collection":[{"href":"https:\/\/cpa.univasf.edu.br\/index.php?rest_route=\/wp\/v2\/posts"}],"about":[{"href":"https:\/\/cpa.univasf.edu.br\/index.php?rest_route=\/wp\/v2\/types\/post"}],"author":[{"embeddable":true,"href":"https:\/\/cpa.univasf.edu.br\/index.php?rest_route=\/wp\/v2\/users\/1"}],"replies":[{"embeddable":true,"href":"https:\/\/cpa.univasf.edu.br\/index.php?rest_route=%2Fwp%2Fv2%2Fcomments&post=197"}],"version-history":[{"count":3,"href":"https:\/\/cpa.univasf.edu.br\/index.php?rest_route=\/wp\/v2\/posts\/197\/revisions"}],"predecessor-version":[{"id":202,"href":"https:\/\/cpa.univasf.edu.br\/index.php?rest_route=\/wp\/v2\/posts\/197\/revisions\/202"}],"wp:featuredmedia":[{"embeddable":true,"href":"https:\/\/cpa.univasf.edu.br\/index.php?rest_route=\/wp\/v2\/media\/198"}],"wp:attachment":[{"href":"https:\/\/cpa.univasf.edu.br\/index.php?rest_route=%2Fwp%2Fv2%2Fmedia&parent=197"}],"wp:term":[{"taxonomy":"category","embeddable":true,"href":"https:\/\/cpa.univasf.edu.br\/index.php?rest_route=%2Fwp%2Fv2%2Fcategories&post=197"},{"taxonomy":"post_tag","embeddable":true,"href":"https:\/\/cpa.univasf.edu.br\/index.php?rest_route=%2Fwp%2Fv2%2Ftags&post=197"}],"curies":[{"name":"wp","href":"https:\/\/api.w.org\/{rel}","templated":true}]}}