{"id":232,"date":"2017-09-26T08:32:12","date_gmt":"2017-09-26T11:32:12","guid":{"rendered":"http:\/\/www.cpa.univasf.edu.br\/?p=232"},"modified":"2018-09-24T08:53:12","modified_gmt":"2018-09-24T11:53:12","slug":"univasf-divulga-nota-sobre-as-avaliacoes-2016-2-confira","status":"publish","type":"post","link":"https:\/\/cpa.univasf.edu.br\/?p=232","title":{"rendered":"UNIVASF DIVULGA NOTA SOBRE AS AVALIA\u00c7\u00d5ES 2016.2, CONFIRA!"},"content":{"rendered":"<blockquote>\n<h2 class=\"documentFirstHeading\" style=\"text-align: center;\">Estudantes e professores da Univasf podem avaliar desempenho docente no semestre 2016.2<\/h2>\n<p style=\"text-align: center;\"><img loading=\"lazy\" decoding=\"async\" class=\"size-full wp-image-240 aligncenter\" src=\"https:\/\/cpa.univasf.edu.br\/wp-content\/uploads\/2017\/09\/2667fade-4122-410e-93a0-9d4a36ec179b.png\" alt=\"\" width=\"230\" height=\"230\" srcset=\"https:\/\/cpa.univasf.edu.br\/wp-content\/uploads\/2017\/09\/2667fade-4122-410e-93a0-9d4a36ec179b.png 230w, https:\/\/cpa.univasf.edu.br\/wp-content\/uploads\/2017\/09\/2667fade-4122-410e-93a0-9d4a36ec179b-150x150.png 150w\" sizes=\"auto, (max-width: 230px) 100vw, 230px\" \/>A Comiss\u00e3o Pr\u00f3pria de Avalia\u00e7\u00e3o (CPA) da Universidade Federal do Vale do S\u00e3o Francisco (Univasf) est\u00e1 com o per\u00edodo aberto para avalia\u00e7\u00e3o do desempenho dos docentes, referente ao semestre letivo 2016.2. A iniciativa tem o objetivo de medir o desempenho das atividades de ensino, \u00a0pesquisa e extens\u00e3o na Univasf e \u00e9 feita, semestralmente, em duas modalidades: avalia\u00e7\u00e3o dos professores pelos estudantes e dos docentes por seus pares. O prazo para discentes e educadores participarem do processo est\u00e1 aberto at\u00e9 o dia 27 de outubro.<\/p>\n<p style=\"text-align: right;\"><a style=\"text-align: right;\" href=\"http:\/\/portais.univasf.edu.br\/noticias\/estudantes-e-professores-da-univasf-podem-avaliar-desempenho-docente-no-semestre-2016.2\">Leia mais!<\/a><\/p>\n<\/blockquote>\n<div><\/div>\n<p>&nbsp;<\/p>\n","protected":false},"excerpt":{"rendered":"<p>Estudantes e professores da Univasf podem avaliar desempenho docente no semestre 2016.2 A Comiss\u00e3o Pr\u00f3pria de Avalia\u00e7\u00e3o (CPA) da Universidade Federal do Vale do S\u00e3o Francisco (Univasf) est\u00e1 com o per\u00edodo aberto para avalia\u00e7\u00e3o do desempenho dos docentes, referente ao semestre letivo 2016.2. A iniciativa tem o objetivo de medir o desempenho das atividades de\u2026 <span class=\"read-more\"><a href=\"https:\/\/cpa.univasf.edu.br\/?p=232\">Read More &raquo;<\/a><\/span><\/p>\n","protected":false},"author":1,"featured_media":240,"comment_status":"open","ping_status":"open","sticky":false,"template":"","format":"standard","meta":{"_exactmetrics_skip_tracking":false,"_exactmetrics_sitenote_active":false,"_exactmetrics_sitenote_note":"","_exactmetrics_sitenote_category":0,"footnotes":""},"categories":[12,13],"tags":[5,4,8,6],"class_list":["post-232","post","type-post","status-publish","format-standard","has-post-thumbnail","hentry","category-avaliacoes","category-avaliacoes-docentes","tag-5","tag-avaliacao","tag-discentes","tag-docentes"],"jetpack_featured_media_url":"https:\/\/cpa.univasf.edu.br\/wp-content\/uploads\/2017\/09\/2667fade-4122-410e-93a0-9d4a36ec179b.png","_links":{"self":[{"href":"https:\/\/cpa.univasf.edu.br\/index.php?rest_route=\/wp\/v2\/posts\/232","targetHints":{"allow":["GET"]}}],"collection":[{"href":"https:\/\/cpa.univasf.edu.br\/index.php?rest_route=\/wp\/v2\/posts"}],"about":[{"href":"https:\/\/cpa.univasf.edu.br\/index.php?rest_route=\/wp\/v2\/types\/post"}],"author":[{"embeddable":true,"href":"https:\/\/cpa.univasf.edu.br\/index.php?rest_route=\/wp\/v2\/users\/1"}],"replies":[{"embeddable":true,"href":"https:\/\/cpa.univasf.edu.br\/index.php?rest_route=%2Fwp%2Fv2%2Fcomments&post=232"}],"version-history":[{"count":12,"href":"https:\/\/cpa.univasf.edu.br\/index.php?rest_route=\/wp\/v2\/posts\/232\/revisions"}],"predecessor-version":[{"id":245,"href":"https:\/\/cpa.univasf.edu.br\/index.php?rest_route=\/wp\/v2\/posts\/232\/revisions\/245"}],"wp:featuredmedia":[{"embeddable":true,"href":"https:\/\/cpa.univasf.edu.br\/index.php?rest_route=\/wp\/v2\/media\/240"}],"wp:attachment":[{"href":"https:\/\/cpa.univasf.edu.br\/index.php?rest_route=%2Fwp%2Fv2%2Fmedia&parent=232"}],"wp:term":[{"taxonomy":"category","embeddable":true,"href":"https:\/\/cpa.univasf.edu.br\/index.php?rest_route=%2Fwp%2Fv2%2Fcategories&post=232"},{"taxonomy":"post_tag","embeddable":true,"href":"https:\/\/cpa.univasf.edu.br\/index.php?rest_route=%2Fwp%2Fv2%2Ftags&post=232"}],"curies":[{"name":"wp","href":"https:\/\/api.w.org\/{rel}","templated":true}]}}