{"id":268,"date":"2017-11-13T15:56:59","date_gmt":"2017-11-13T18:56:59","guid":{"rendered":"http:\/\/www.cpa.univasf.edu.br\/?p=268"},"modified":"2018-09-24T09:00:01","modified_gmt":"2018-09-24T12:00:01","slug":"avaliacoes-2016-2-finalizadas","status":"publish","type":"post","link":"https:\/\/cpa.univasf.edu.br\/?p=268","title":{"rendered":"Avalia\u00e7\u00f5es 2016.2 finalizadas!"},"content":{"rendered":"<p><img loading=\"lazy\" decoding=\"async\" class=\"size-full wp-image-269 aligncenter\" src=\"https:\/\/cpa.univasf.edu.br\/wp-content\/uploads\/2017\/11\/av-162-encerradas.png\" alt=\"\" width=\"600\" height=\"600\" srcset=\"https:\/\/cpa.univasf.edu.br\/wp-content\/uploads\/2017\/11\/av-162-encerradas.png 600w, https:\/\/cpa.univasf.edu.br\/wp-content\/uploads\/2017\/11\/av-162-encerradas-150x150.png 150w, https:\/\/cpa.univasf.edu.br\/wp-content\/uploads\/2017\/11\/av-162-encerradas-300x300.png 300w\" sizes=\"auto, (max-width: 600px) 100vw, 600px\" \/><\/p>\n<p>&nbsp;<\/p>\n<p>As avalia\u00e7\u00f5es 2016.2 foram encerradas.<\/p>\n<p>Agradecemos a toda a comunidade acad\u00eamica pela colabora\u00e7\u00e3o!<\/p>\n<p>A participa\u00e7\u00e3o de cada um de voc\u00eas ajuda a construir uma universidade melhor para todos. Com as informa\u00e7\u00f5es coletadas nos question\u00e1rios iremos confeccionar o Relat\u00f3rio Institucional que ir\u00e1 nortear as a\u00e7\u00f5es de melhorias tomadas \u00e0 serem tomadas pela Administra\u00e7\u00e3o da Univasf nos pr\u00f3ximos 2 anos.<\/p>\n","protected":false},"excerpt":{"rendered":"<p>&nbsp; As avalia\u00e7\u00f5es 2016.2 foram encerradas. Agradecemos a toda a comunidade acad\u00eamica pela colabora\u00e7\u00e3o! A participa\u00e7\u00e3o de cada um de voc\u00eas ajuda a construir uma universidade melhor para todos. Com as informa\u00e7\u00f5es coletadas nos question\u00e1rios iremos confeccionar o Relat\u00f3rio Institucional que ir\u00e1 nortear as a\u00e7\u00f5es de melhorias tomadas \u00e0 serem tomadas pela Administra\u00e7\u00e3o da Univasf\u2026 <span class=\"read-more\"><a href=\"https:\/\/cpa.univasf.edu.br\/?p=268\">Read More &raquo;<\/a><\/span><\/p>\n","protected":false},"author":1,"featured_media":269,"comment_status":"open","ping_status":"open","sticky":false,"template":"","format":"standard","meta":{"_exactmetrics_skip_tracking":false,"_exactmetrics_sitenote_active":false,"_exactmetrics_sitenote_note":"","_exactmetrics_sitenote_category":0,"footnotes":""},"categories":[13],"tags":[5,4,8,6,15,7],"class_list":["post-268","post","type-post","status-publish","format-standard","has-post-thumbnail","hentry","category-avaliacoes-docentes","tag-5","tag-avaliacao","tag-discentes","tag-docentes","tag-encerramento","tag-pares"],"jetpack_featured_media_url":"https:\/\/cpa.univasf.edu.br\/wp-content\/uploads\/2017\/11\/av-162-encerradas.png","_links":{"self":[{"href":"https:\/\/cpa.univasf.edu.br\/index.php?rest_route=\/wp\/v2\/posts\/268","targetHints":{"allow":["GET"]}}],"collection":[{"href":"https:\/\/cpa.univasf.edu.br\/index.php?rest_route=\/wp\/v2\/posts"}],"about":[{"href":"https:\/\/cpa.univasf.edu.br\/index.php?rest_route=\/wp\/v2\/types\/post"}],"author":[{"embeddable":true,"href":"https:\/\/cpa.univasf.edu.br\/index.php?rest_route=\/wp\/v2\/users\/1"}],"replies":[{"embeddable":true,"href":"https:\/\/cpa.univasf.edu.br\/index.php?rest_route=%2Fwp%2Fv2%2Fcomments&post=268"}],"version-history":[{"count":1,"href":"https:\/\/cpa.univasf.edu.br\/index.php?rest_route=\/wp\/v2\/posts\/268\/revisions"}],"predecessor-version":[{"id":270,"href":"https:\/\/cpa.univasf.edu.br\/index.php?rest_route=\/wp\/v2\/posts\/268\/revisions\/270"}],"wp:featuredmedia":[{"embeddable":true,"href":"https:\/\/cpa.univasf.edu.br\/index.php?rest_route=\/wp\/v2\/media\/269"}],"wp:attachment":[{"href":"https:\/\/cpa.univasf.edu.br\/index.php?rest_route=%2Fwp%2Fv2%2Fmedia&parent=268"}],"wp:term":[{"taxonomy":"category","embeddable":true,"href":"https:\/\/cpa.univasf.edu.br\/index.php?rest_route=%2Fwp%2Fv2%2Fcategories&post=268"},{"taxonomy":"post_tag","embeddable":true,"href":"https:\/\/cpa.univasf.edu.br\/index.php?rest_route=%2Fwp%2Fv2%2Ftags&post=268"}],"curies":[{"name":"wp","href":"https:\/\/api.w.org\/{rel}","templated":true}]}}