{"id":567,"date":"2019-10-29T11:23:28","date_gmt":"2019-10-29T14:23:28","guid":{"rendered":"http:\/\/www.cpa.univasf.edu.br\/?p=567"},"modified":"2020-01-09T08:39:41","modified_gmt":"2020-01-09T11:39:41","slug":"avaliacoes-2019-1-abertas","status":"publish","type":"post","link":"https:\/\/cpa.univasf.edu.br\/?p=567","title":{"rendered":"Avalia\u00e7\u00f5es 2019.1 abertas!"},"content":{"rendered":"<p><img loading=\"lazy\" decoding=\"async\" class=\"alignnone size-full wp-image-570\" src=\"https:\/\/cpa.univasf.edu.br\/wp-content\/uploads\/2019\/10\/Semestral-1.jpg\" alt=\"\" width=\"1484\" height=\"1125\" srcset=\"https:\/\/cpa.univasf.edu.br\/wp-content\/uploads\/2019\/10\/Semestral-1.jpg 1484w, https:\/\/cpa.univasf.edu.br\/wp-content\/uploads\/2019\/10\/Semestral-1-300x227.jpg 300w, https:\/\/cpa.univasf.edu.br\/wp-content\/uploads\/2019\/10\/Semestral-1-768x582.jpg 768w, https:\/\/cpa.univasf.edu.br\/wp-content\/uploads\/2019\/10\/Semestral-1-1024x776.jpg 1024w, https:\/\/cpa.univasf.edu.br\/wp-content\/uploads\/2019\/10\/Semestral-1-660x500.jpg 660w\" sizes=\"auto, (max-width: 1484px) 100vw, 1484px\" \/><\/p>\n<p><!--StartFragment--><\/p>\n\n\n<p>A Comiss\u00e3o Pr\u00f3pria de Avalia\u00e7\u00e3o da Universidade Federal do Vale do S\u00e3o Francisco, convida a comunidade acad\u00eamica para participar da constru\u00e7\u00e3o de uma universidade melhor, atrav\u00e9s da avalia\u00e7\u00e3o dos docentes pelos discentes e avalia\u00e7\u00e3o dos docentes pelos seus pares.<\/p>\n\n\n\n<p>Confira abaixo os links das avalia\u00e7\u00f5es:<\/p>\n\n\n\n<ul class=\"wp-block-list\"><li><strong><del>Avalia\u00e7\u00e3o dos Docentes pelos Discentes<\/del><\/strong><\/li><li><strong><del>Avalia\u00e7\u00e3o dos Docentes pelos seus Pares<\/del><\/strong><\/li><\/ul>\n\n\n\n<p>As avalia\u00e7\u00f5es ficar\u00e3o dispon\u00edveis at\u00e9 o dia 13 de Janeiro de 2020<\/p>\n\n\n<p><!--EndFragment--><\/p>\n<p><\/p>","protected":false},"excerpt":{"rendered":"<p>A Comiss\u00e3o Pr\u00f3pria de Avalia\u00e7\u00e3o da Universidade Federal do Vale do S\u00e3o Francisco, convida a comunidade acad\u00eamica para participar da constru\u00e7\u00e3o de uma universidade melhor, atrav\u00e9s da avalia\u00e7\u00e3o dos docentes pelos discentes e avalia\u00e7\u00e3o dos docentes pelos seus pares. Confira abaixo os links das avalia\u00e7\u00f5es: Avalia\u00e7\u00e3o dos Docentes pelos Discentes Avalia\u00e7\u00e3o dos Docentes pelos seus\u2026 <span class=\"read-more\"><a href=\"https:\/\/cpa.univasf.edu.br\/?p=567\">Read More &raquo;<\/a><\/span><\/p>\n","protected":false},"author":1,"featured_media":570,"comment_status":"open","ping_status":"open","sticky":false,"template":"","format":"standard","meta":{"_exactmetrics_skip_tracking":false,"_exactmetrics_sitenote_active":false,"_exactmetrics_sitenote_note":"","_exactmetrics_sitenote_category":0,"footnotes":""},"categories":[1],"tags":[4,8,6,31],"class_list":["post-567","post","type-post","status-publish","format-standard","has-post-thumbnail","hentry","category-sem-categoria","tag-avaliacao","tag-discentes","tag-docentes","tag-univasf"],"jetpack_featured_media_url":"https:\/\/cpa.univasf.edu.br\/wp-content\/uploads\/2019\/10\/Semestral-1.jpg","_links":{"self":[{"href":"https:\/\/cpa.univasf.edu.br\/index.php?rest_route=\/wp\/v2\/posts\/567","targetHints":{"allow":["GET"]}}],"collection":[{"href":"https:\/\/cpa.univasf.edu.br\/index.php?rest_route=\/wp\/v2\/posts"}],"about":[{"href":"https:\/\/cpa.univasf.edu.br\/index.php?rest_route=\/wp\/v2\/types\/post"}],"author":[{"embeddable":true,"href":"https:\/\/cpa.univasf.edu.br\/index.php?rest_route=\/wp\/v2\/users\/1"}],"replies":[{"embeddable":true,"href":"https:\/\/cpa.univasf.edu.br\/index.php?rest_route=%2Fwp%2Fv2%2Fcomments&post=567"}],"version-history":[{"count":5,"href":"https:\/\/cpa.univasf.edu.br\/index.php?rest_route=\/wp\/v2\/posts\/567\/revisions"}],"predecessor-version":[{"id":584,"href":"https:\/\/cpa.univasf.edu.br\/index.php?rest_route=\/wp\/v2\/posts\/567\/revisions\/584"}],"wp:featuredmedia":[{"embeddable":true,"href":"https:\/\/cpa.univasf.edu.br\/index.php?rest_route=\/wp\/v2\/media\/570"}],"wp:attachment":[{"href":"https:\/\/cpa.univasf.edu.br\/index.php?rest_route=%2Fwp%2Fv2%2Fmedia&parent=567"}],"wp:term":[{"taxonomy":"category","embeddable":true,"href":"https:\/\/cpa.univasf.edu.br\/index.php?rest_route=%2Fwp%2Fv2%2Fcategories&post=567"},{"taxonomy":"post_tag","embeddable":true,"href":"https:\/\/cpa.univasf.edu.br\/index.php?rest_route=%2Fwp%2Fv2%2Ftags&post=567"}],"curies":[{"name":"wp","href":"https:\/\/api.w.org\/{rel}","templated":true}]}}