{"id":577,"date":"2019-11-04T15:55:56","date_gmt":"2019-11-04T18:55:56","guid":{"rendered":"http:\/\/www.cpa.univasf.edu.br\/?p=577"},"modified":"2019-11-04T15:59:08","modified_gmt":"2019-11-04T18:59:08","slug":"avaliacao-anual-pela-comunidade-academica-esta-aberta-2","status":"publish","type":"post","link":"https:\/\/cpa.univasf.edu.br\/?p=577","title":{"rendered":"Avalia\u00e7\u00e3o Anual pela Comunidade Acad\u00eamica est\u00e1 aberta!"},"content":{"rendered":"\n<figure class=\"wp-block-image\"><img loading=\"lazy\" decoding=\"async\" width=\"944\" height=\"715\" src=\"https:\/\/cpa.univasf.edu.br\/wp-content\/uploads\/2019\/11\/Anual.jpg\" alt=\"\" class=\"wp-image-578\" srcset=\"https:\/\/cpa.univasf.edu.br\/wp-content\/uploads\/2019\/11\/Anual.jpg 944w, https:\/\/cpa.univasf.edu.br\/wp-content\/uploads\/2019\/11\/Anual-300x227.jpg 300w, https:\/\/cpa.univasf.edu.br\/wp-content\/uploads\/2019\/11\/Anual-768x582.jpg 768w, https:\/\/cpa.univasf.edu.br\/wp-content\/uploads\/2019\/11\/Anual-660x500.jpg 660w\" sizes=\"auto, (max-width: 944px) 100vw, 944px\" \/><\/figure>\n\n\n\n<p>A Comiss\u00e3o Pr\u00f3pria de Avalia\u00e7\u00e3o da Universidade Federal do Vale do S\u00e3o Francisco convida a comunidade acad\u00eamica para participar do processo de melhoria da universidade, por meio da avalia\u00e7\u00e3o anual referente ao ano de 2019.<\/p>\n\n\n\n<p>Para que haja o progresso e a evolu\u00e7\u00e3o de uma institui\u00e7\u00e3o, torna-se imprescind\u00edvel o seu autoconhecimento, que permitir\u00e1 a identifica\u00e7\u00e3o de fragilidades e o fortalecimento e a manuten\u00e7\u00e3o dos aspectos positivos. Os resultados desta avalia\u00e7\u00e3o ser\u00e3o utilizados para fins de melhoria cont\u00ednua.<\/p>\n\n\n\n<p>Agradecemos antecipadamente a sua participa\u00e7\u00e3o nesta importante tarefa.<\/p>\n\n\n\n<p>Toda comunidade acad\u00eamica est\u00e1 habilitada a participar: discentes, docentes e t\u00e9cnicos administrativos.<br>Para ter acesso basta informar como Token de acesso o n\u00famero de CPF (sem pontos ou tra\u00e7os)&nbsp;precedido pelo c\u00f3digo de sua categoria que informamos a seguir: para discentes&nbsp;<strong>DI<\/strong>; para docentes&nbsp;<strong>DO<\/strong>; e para t\u00e9cnicos administrativos&nbsp;<strong>TA<\/strong>.<\/p>\n\n\n\n<p>Exemplo, se voc\u00ea \u00e9 um t\u00e9cnico administrativo e seu CPF \u00e9 123.456.789-00, o seu Token de acesso \u00e9&nbsp;<strong>TA12345678900<\/strong>, no caso de ser um discente com CPF 111.222.333-00 seu Token de acesso \u00e9&nbsp;<strong>DI11122233300<\/strong>.<\/p>\n\n\n\n<p>A avalia\u00e7\u00e3o pode ser acessada pelo link a seguir:<\/p>\n\n\n\n<p><a href=\"http:\/\/www.avaliacaograduacao.univasf.edu.br\/index.php\/201916?lang=pt-BR\" target=\"_blank\" rel=\"noreferrer noopener\" aria-label=\" (abre em uma nova aba)\">Avalia\u00e7\u00e3o Anual<\/a><br><\/p>\n\n\n\n<p>A Avalia\u00e7\u00e3o Anual 2019 ficar\u00e1 aberta para toda Comunidade Acad\u00eamica at\u00e9 o dia&nbsp;<strong>02\/12\/2019<\/strong>.<\/p>\n","protected":false},"excerpt":{"rendered":"<p>A Comiss\u00e3o Pr\u00f3pria de Avalia\u00e7\u00e3o da Universidade Federal do Vale do S\u00e3o Francisco convida a comunidade acad\u00eamica para participar do processo de melhoria da universidade, por meio da avalia\u00e7\u00e3o anual referente ao ano de 2019. Para que haja o progresso e a evolu\u00e7\u00e3o de uma institui\u00e7\u00e3o, torna-se imprescind\u00edvel o seu autoconhecimento, que permitir\u00e1 a identifica\u00e7\u00e3o\u2026 <span class=\"read-more\"><a href=\"https:\/\/cpa.univasf.edu.br\/?p=577\">Read More &raquo;<\/a><\/span><\/p>\n","protected":false},"author":1,"featured_media":578,"comment_status":"open","ping_status":"open","sticky":false,"template":"","format":"standard","meta":{"_exactmetrics_skip_tracking":false,"_exactmetrics_sitenote_active":false,"_exactmetrics_sitenote_note":"","_exactmetrics_sitenote_category":0,"footnotes":""},"categories":[14],"tags":[33,34,4,35,8,6,9],"class_list":["post-577","post","type-post","status-publish","format-standard","has-post-thumbnail","hentry","category-avaliacoes-anuais","tag-33","tag-aberto","tag-avaliacao","tag-comunidade-academica","tag-discentes","tag-docentes","tag-tecnicos"],"jetpack_featured_media_url":"https:\/\/cpa.univasf.edu.br\/wp-content\/uploads\/2019\/11\/Anual.jpg","_links":{"self":[{"href":"https:\/\/cpa.univasf.edu.br\/index.php?rest_route=\/wp\/v2\/posts\/577","targetHints":{"allow":["GET"]}}],"collection":[{"href":"https:\/\/cpa.univasf.edu.br\/index.php?rest_route=\/wp\/v2\/posts"}],"about":[{"href":"https:\/\/cpa.univasf.edu.br\/index.php?rest_route=\/wp\/v2\/types\/post"}],"author":[{"embeddable":true,"href":"https:\/\/cpa.univasf.edu.br\/index.php?rest_route=\/wp\/v2\/users\/1"}],"replies":[{"embeddable":true,"href":"https:\/\/cpa.univasf.edu.br\/index.php?rest_route=%2Fwp%2Fv2%2Fcomments&post=577"}],"version-history":[{"count":3,"href":"https:\/\/cpa.univasf.edu.br\/index.php?rest_route=\/wp\/v2\/posts\/577\/revisions"}],"predecessor-version":[{"id":581,"href":"https:\/\/cpa.univasf.edu.br\/index.php?rest_route=\/wp\/v2\/posts\/577\/revisions\/581"}],"wp:featuredmedia":[{"embeddable":true,"href":"https:\/\/cpa.univasf.edu.br\/index.php?rest_route=\/wp\/v2\/media\/578"}],"wp:attachment":[{"href":"https:\/\/cpa.univasf.edu.br\/index.php?rest_route=%2Fwp%2Fv2%2Fmedia&parent=577"}],"wp:term":[{"taxonomy":"category","embeddable":true,"href":"https:\/\/cpa.univasf.edu.br\/index.php?rest_route=%2Fwp%2Fv2%2Fcategories&post=577"},{"taxonomy":"post_tag","embeddable":true,"href":"https:\/\/cpa.univasf.edu.br\/index.php?rest_route=%2Fwp%2Fv2%2Ftags&post=577"}],"curies":[{"name":"wp","href":"https:\/\/api.w.org\/{rel}","templated":true}]}}