{"id":668,"date":"2020-07-06T16:37:43","date_gmt":"2020-07-06T19:37:43","guid":{"rendered":"http:\/\/www.cpa.univasf.edu.br\/?p=668"},"modified":"2021-01-25T17:08:37","modified_gmt":"2021-01-25T20:08:37","slug":"avaliacoes-2019-2-abertas","status":"publish","type":"post","link":"https:\/\/cpa.univasf.edu.br\/?p=668","title":{"rendered":"Avalia\u00e7\u00f5es 2019.2 Abertas!"},"content":{"rendered":"\n<figure class=\"wp-block-image\"><img loading=\"lazy\" decoding=\"async\" width=\"1024\" height=\"762\" src=\"https:\/\/cpa.univasf.edu.br\/wp-content\/uploads\/2020\/07\/Avalia\u00e7\u00e3o-doscente-2019.2-1024x762.jpeg\" alt=\"\" class=\"wp-image-669\" srcset=\"https:\/\/cpa.univasf.edu.br\/wp-content\/uploads\/2020\/07\/Avalia\u00e7\u00e3o-doscente-2019.2-1024x762.jpeg 1024w, https:\/\/cpa.univasf.edu.br\/wp-content\/uploads\/2020\/07\/Avalia\u00e7\u00e3o-doscente-2019.2-300x223.jpeg 300w, https:\/\/cpa.univasf.edu.br\/wp-content\/uploads\/2020\/07\/Avalia\u00e7\u00e3o-doscente-2019.2-768x571.jpeg 768w, https:\/\/cpa.univasf.edu.br\/wp-content\/uploads\/2020\/07\/Avalia\u00e7\u00e3o-doscente-2019.2-660x491.jpeg 660w, https:\/\/cpa.univasf.edu.br\/wp-content\/uploads\/2020\/07\/Avalia\u00e7\u00e3o-doscente-2019.2.jpeg 1280w\" sizes=\"auto, (max-width: 1024px) 100vw, 1024px\" \/><\/figure>\n\n\n\n<p>A Comiss\u00e3o Pr\u00f3pria de Avalia\u00e7\u00e3o da Universidade Federal do Vale do S\u00e3o Francisco, convida a comunidade acad\u00eamica para participar da constru\u00e7\u00e3o de uma universidade melhor, atrav\u00e9s da avalia\u00e7\u00e3o dos docentes&nbsp;pelos discentes e seus pares.<\/p>\n\n\n\n<p>Confira abaixo os links das avalia\u00e7\u00f5es.<\/p>\n\n\n\n<ul class=\"wp-block-list\"><li><del>Avalia\u00e7\u00e3o dos Docentes pelos Discentes<\/del><\/li><li><del>Avalia\u00e7\u00e3o dos Docentes pelos seus Pares<\/del><\/li><\/ul>\n\n\n\n<p>As avalia\u00e7\u00f5es ficar\u00e3o abertas at\u00e9 o final do per\u00edodo 2020.1<\/p>\n","protected":false},"excerpt":{"rendered":"<p>A Comiss\u00e3o Pr\u00f3pria de Avalia\u00e7\u00e3o da Universidade Federal do Vale do S\u00e3o Francisco, convida a comunidade acad\u00eamica para participar da constru\u00e7\u00e3o de uma universidade melhor, atrav\u00e9s da avalia\u00e7\u00e3o dos docentes&nbsp;pelos discentes e seus pares. Confira abaixo os links das avalia\u00e7\u00f5es. Avalia\u00e7\u00e3o dos Docentes pelos Discentes Avalia\u00e7\u00e3o dos Docentes pelos seus Pares As avalia\u00e7\u00f5es ficar\u00e3o abertas\u2026 <span class=\"read-more\"><a href=\"https:\/\/cpa.univasf.edu.br\/?p=668\">Read More &raquo;<\/a><\/span><\/p>\n","protected":false},"author":1,"featured_media":669,"comment_status":"open","ping_status":"open","sticky":false,"template":"","format":"standard","meta":{"_exactmetrics_skip_tracking":false,"_exactmetrics_sitenote_active":false,"_exactmetrics_sitenote_note":"","_exactmetrics_sitenote_category":0,"footnotes":""},"categories":[12,13,1],"tags":[39,4,8,6],"class_list":["post-668","post","type-post","status-publish","format-standard","has-post-thumbnail","hentry","category-avaliacoes","category-avaliacoes-docentes","category-sem-categoria","tag-2019-2","tag-avaliacao","tag-discentes","tag-docentes"],"jetpack_featured_media_url":"https:\/\/cpa.univasf.edu.br\/wp-content\/uploads\/2020\/07\/Avalia\u00e7\u00e3o-doscente-2019.2.jpeg","_links":{"self":[{"href":"https:\/\/cpa.univasf.edu.br\/index.php?rest_route=\/wp\/v2\/posts\/668","targetHints":{"allow":["GET"]}}],"collection":[{"href":"https:\/\/cpa.univasf.edu.br\/index.php?rest_route=\/wp\/v2\/posts"}],"about":[{"href":"https:\/\/cpa.univasf.edu.br\/index.php?rest_route=\/wp\/v2\/types\/post"}],"author":[{"embeddable":true,"href":"https:\/\/cpa.univasf.edu.br\/index.php?rest_route=\/wp\/v2\/users\/1"}],"replies":[{"embeddable":true,"href":"https:\/\/cpa.univasf.edu.br\/index.php?rest_route=%2Fwp%2Fv2%2Fcomments&post=668"}],"version-history":[{"count":3,"href":"https:\/\/cpa.univasf.edu.br\/index.php?rest_route=\/wp\/v2\/posts\/668\/revisions"}],"predecessor-version":[{"id":701,"href":"https:\/\/cpa.univasf.edu.br\/index.php?rest_route=\/wp\/v2\/posts\/668\/revisions\/701"}],"wp:featuredmedia":[{"embeddable":true,"href":"https:\/\/cpa.univasf.edu.br\/index.php?rest_route=\/wp\/v2\/media\/669"}],"wp:attachment":[{"href":"https:\/\/cpa.univasf.edu.br\/index.php?rest_route=%2Fwp%2Fv2%2Fmedia&parent=668"}],"wp:term":[{"taxonomy":"category","embeddable":true,"href":"https:\/\/cpa.univasf.edu.br\/index.php?rest_route=%2Fwp%2Fv2%2Fcategories&post=668"},{"taxonomy":"post_tag","embeddable":true,"href":"https:\/\/cpa.univasf.edu.br\/index.php?rest_route=%2Fwp%2Fv2%2Ftags&post=668"}],"curies":[{"name":"wp","href":"https:\/\/api.w.org\/{rel}","templated":true}]}}