{"id":680,"date":"2020-09-24T08:00:13","date_gmt":"2020-09-24T11:00:13","guid":{"rendered":"http:\/\/www.cpa.univasf.edu.br\/?p=680"},"modified":"2020-09-23T20:22:13","modified_gmt":"2020-09-23T23:22:13","slug":"avaliacao-anual-pela-comunidade-academica","status":"publish","type":"post","link":"https:\/\/cpa.univasf.edu.br\/?p=680","title":{"rendered":"Avalia\u00e7\u00e3o Anual pela Comunidade Acad\u00eamica"},"content":{"rendered":"\n<figure class=\"wp-block-image\"><img loading=\"lazy\" decoding=\"async\" width=\"900\" height=\"700\" src=\"https:\/\/cpa.univasf.edu.br\/wp-content\/uploads\/2020\/09\/anual2020.png\" alt=\"\" class=\"wp-image-681\" srcset=\"https:\/\/cpa.univasf.edu.br\/wp-content\/uploads\/2020\/09\/anual2020.png 900w, https:\/\/cpa.univasf.edu.br\/wp-content\/uploads\/2020\/09\/anual2020-300x233.png 300w, https:\/\/cpa.univasf.edu.br\/wp-content\/uploads\/2020\/09\/anual2020-768x597.png 768w, https:\/\/cpa.univasf.edu.br\/wp-content\/uploads\/2020\/09\/anual2020-660x513.png 660w\" sizes=\"auto, (max-width: 900px) 100vw, 900px\" \/><\/figure>\n\n\n\n<p>A Comiss\u00e3o Pr\u00f3pria de Avalia\u00e7\u00e3o da Universidade Federal do Vale do  S\u00e3o Francisco convida a comunidade acad\u00eamica para participar do processo  de melhoria da universidade, por meio da avalia\u00e7\u00e3o anual referente ao ano de 2020.<\/p>\n\n\n\n<p>Para que haja o progresso e a evolu\u00e7\u00e3o de uma institui\u00e7\u00e3o, torna-se \nimprescind\u00edvel o seu autoconhecimento, que permitir\u00e1 a identifica\u00e7\u00e3o de \nfragilidades e o fortalecimento e a manuten\u00e7\u00e3o dos aspectos positivos. \nOs resultados desta avalia\u00e7\u00e3o ser\u00e3o utilizados para fins de melhoria \ncont\u00ednua.<\/p>\n\n\n\n<p>Agradecemos antecipadamente a sua participa\u00e7\u00e3o nesta importante tarefa.<\/p>\n\n\n\n<p>Toda comunidade acad\u00eamica est\u00e1 habilitada a participar: discentes, docentes e t\u00e9cnicos administrativos.<br>Para\n ter acesso basta informar como Token de acesso o n\u00famero de CPF (sem \npontos ou tra\u00e7os)&nbsp;precedido pelo c\u00f3digo de sua categoria que informamos a\n seguir: para discentes&nbsp;<strong>DI<\/strong>; para docentes&nbsp;<strong>DO<\/strong>; e para t\u00e9cnicos administrativos&nbsp;<strong>TA<\/strong>.<\/p>\n\n\n\n<p>Exemplo, se voc\u00ea \u00e9 um t\u00e9cnico administrativo e seu CPF \u00e9 123.456.789-00, o seu Token de acesso \u00e9&nbsp;<strong>TA12345678900<\/strong>, no caso de ser um discente com CPF 111.222.333-00 seu Token de acesso \u00e9&nbsp;<strong>DI11122233300<\/strong>.<\/p>\n\n\n\n<p>A avalia\u00e7\u00e3o pode ser acessada pelo link a seguir:<\/p>\n\n\n\n<p><a href=\"http:\/\/www.avaliacaograduacao.univasf.edu.br\/index.php\/916888?newtest=Y&amp;lang=pt-BR\" target=\"_blank\" rel=\"noreferrer noopener\" aria-label=\" (abre em uma nova aba)\">Avalia\u00e7\u00e3o Anual<\/a><br><\/p>\n\n\n\n<p>A Avalia\u00e7\u00e3o Anual 2020 ficar\u00e1 aberta para toda Comunidade Acad\u00eamica a partir da<strong> 00h<\/strong> do dia <strong>28\/09\/2020<\/strong> at\u00e9 \u00e0s <strong>23h59min<\/strong> do dia&nbsp;<strong>08\/11\/2020<\/strong>.<\/p>\n","protected":false},"excerpt":{"rendered":"<p>A Comiss\u00e3o Pr\u00f3pria de Avalia\u00e7\u00e3o da Universidade Federal do Vale do S\u00e3o Francisco convida a comunidade acad\u00eamica para participar do processo de melhoria da universidade, por meio da avalia\u00e7\u00e3o anual referente ao ano de 2020. Para que haja o progresso e a evolu\u00e7\u00e3o de uma institui\u00e7\u00e3o, torna-se imprescind\u00edvel o seu autoconhecimento, que permitir\u00e1 a identifica\u00e7\u00e3o\u2026 <span class=\"read-more\"><a href=\"https:\/\/cpa.univasf.edu.br\/?p=680\">Read More &raquo;<\/a><\/span><\/p>\n","protected":false},"author":1,"featured_media":681,"comment_status":"open","ping_status":"open","sticky":false,"template":"","format":"standard","meta":{"_exactmetrics_skip_tracking":false,"_exactmetrics_sitenote_active":false,"_exactmetrics_sitenote_note":"","_exactmetrics_sitenote_category":0,"footnotes":""},"categories":[14],"tags":[40,34,4,35,8,6,9],"class_list":["post-680","post","type-post","status-publish","format-standard","has-post-thumbnail","hentry","category-avaliacoes-anuais","tag-40","tag-aberto","tag-avaliacao","tag-comunidade-academica","tag-discentes","tag-docentes","tag-tecnicos"],"jetpack_featured_media_url":"https:\/\/cpa.univasf.edu.br\/wp-content\/uploads\/2020\/09\/anual2020.png","_links":{"self":[{"href":"https:\/\/cpa.univasf.edu.br\/index.php?rest_route=\/wp\/v2\/posts\/680","targetHints":{"allow":["GET"]}}],"collection":[{"href":"https:\/\/cpa.univasf.edu.br\/index.php?rest_route=\/wp\/v2\/posts"}],"about":[{"href":"https:\/\/cpa.univasf.edu.br\/index.php?rest_route=\/wp\/v2\/types\/post"}],"author":[{"embeddable":true,"href":"https:\/\/cpa.univasf.edu.br\/index.php?rest_route=\/wp\/v2\/users\/1"}],"replies":[{"embeddable":true,"href":"https:\/\/cpa.univasf.edu.br\/index.php?rest_route=%2Fwp%2Fv2%2Fcomments&post=680"}],"version-history":[{"count":2,"href":"https:\/\/cpa.univasf.edu.br\/index.php?rest_route=\/wp\/v2\/posts\/680\/revisions"}],"predecessor-version":[{"id":683,"href":"https:\/\/cpa.univasf.edu.br\/index.php?rest_route=\/wp\/v2\/posts\/680\/revisions\/683"}],"wp:featuredmedia":[{"embeddable":true,"href":"https:\/\/cpa.univasf.edu.br\/index.php?rest_route=\/wp\/v2\/media\/681"}],"wp:attachment":[{"href":"https:\/\/cpa.univasf.edu.br\/index.php?rest_route=%2Fwp%2Fv2%2Fmedia&parent=680"}],"wp:term":[{"taxonomy":"category","embeddable":true,"href":"https:\/\/cpa.univasf.edu.br\/index.php?rest_route=%2Fwp%2Fv2%2Fcategories&post=680"},{"taxonomy":"post_tag","embeddable":true,"href":"https:\/\/cpa.univasf.edu.br\/index.php?rest_route=%2Fwp%2Fv2%2Ftags&post=680"}],"curies":[{"name":"wp","href":"https:\/\/api.w.org\/{rel}","templated":true}]}}