{"id":733,"date":"2021-04-08T10:20:46","date_gmt":"2021-04-08T13:20:46","guid":{"rendered":"http:\/\/www.cpa.univasf.edu.br\/?p=733"},"modified":"2021-07-13T11:50:56","modified_gmt":"2021-07-13T14:50:56","slug":"avaliacoes-2020-3-abertas","status":"publish","type":"post","link":"https:\/\/cpa.univasf.edu.br\/?p=733","title":{"rendered":"Avalia\u00e7\u00f5es 2020.3 abertas!"},"content":{"rendered":"\n<figure class=\"wp-block-image\"><img loading=\"lazy\" decoding=\"async\" width=\"900\" height=\"700\" src=\"https:\/\/cpa.univasf.edu.br\/wp-content\/uploads\/2021\/04\/semestral203.png\" alt=\"\" class=\"wp-image-734\" srcset=\"https:\/\/cpa.univasf.edu.br\/wp-content\/uploads\/2021\/04\/semestral203.png 900w, https:\/\/cpa.univasf.edu.br\/wp-content\/uploads\/2021\/04\/semestral203-300x233.png 300w, https:\/\/cpa.univasf.edu.br\/wp-content\/uploads\/2021\/04\/semestral203-768x597.png 768w, https:\/\/cpa.univasf.edu.br\/wp-content\/uploads\/2021\/04\/semestral203-660x513.png 660w\" sizes=\"auto, (max-width: 900px) 100vw, 900px\" \/><\/figure>\n\n\n\n<p>A Comiss\u00e3o Pr\u00f3pria de Avalia\u00e7\u00e3o da Universidade Federal do Vale do  S\u00e3o Francisco convida a comunidade acad\u00eamica para participar da  constru\u00e7\u00e3o de uma universidade melhor, atrav\u00e9s da avalia\u00e7\u00e3o dos  docentes&nbsp;pelos discentes e seus pares.<\/p>\n\n\n\n<p>Confira abaixo os links das avalia\u00e7\u00f5es.<\/p>\n\n\n\n<ul class=\"wp-block-list\"><li><del>Avalia\u00e7\u00e3o dos Docentes pelos Discentes<\/del><\/li><li><del>Avalia\u00e7\u00e3o dos Docentes pelos seus Pares<\/del><\/li><\/ul>\n\n\n\n<p> Essas avalia\u00e7\u00f5es s\u00e3o referentes ao per\u00edodo complementar 2020.3 e estar\u00e3o abertas at\u00e9 o final do per\u00edodo 2020.1.<\/p>\n","protected":false},"excerpt":{"rendered":"<p>A Comiss\u00e3o Pr\u00f3pria de Avalia\u00e7\u00e3o da Universidade Federal do Vale do S\u00e3o Francisco convida a comunidade acad\u00eamica para participar da constru\u00e7\u00e3o de uma universidade melhor, atrav\u00e9s da avalia\u00e7\u00e3o dos docentes&nbsp;pelos discentes e seus pares. Confira abaixo os links das avalia\u00e7\u00f5es. Avalia\u00e7\u00e3o dos Docentes pelos Discentes Avalia\u00e7\u00e3o dos Docentes pelos seus Pares Essas avalia\u00e7\u00f5es s\u00e3o referentes\u2026 <span class=\"read-more\"><a href=\"https:\/\/cpa.univasf.edu.br\/?p=733\">Read More &raquo;<\/a><\/span><\/p>\n","protected":false},"author":1,"featured_media":734,"comment_status":"open","ping_status":"open","sticky":false,"template":"","format":"standard","meta":{"_exactmetrics_skip_tracking":false,"_exactmetrics_sitenote_active":false,"_exactmetrics_sitenote_note":"","_exactmetrics_sitenote_category":0,"footnotes":""},"categories":[12,13],"tags":[],"class_list":["post-733","post","type-post","status-publish","format-standard","has-post-thumbnail","hentry","category-avaliacoes","category-avaliacoes-docentes"],"jetpack_featured_media_url":"https:\/\/cpa.univasf.edu.br\/wp-content\/uploads\/2021\/04\/semestral203.png","_links":{"self":[{"href":"https:\/\/cpa.univasf.edu.br\/index.php?rest_route=\/wp\/v2\/posts\/733","targetHints":{"allow":["GET"]}}],"collection":[{"href":"https:\/\/cpa.univasf.edu.br\/index.php?rest_route=\/wp\/v2\/posts"}],"about":[{"href":"https:\/\/cpa.univasf.edu.br\/index.php?rest_route=\/wp\/v2\/types\/post"}],"author":[{"embeddable":true,"href":"https:\/\/cpa.univasf.edu.br\/index.php?rest_route=\/wp\/v2\/users\/1"}],"replies":[{"embeddable":true,"href":"https:\/\/cpa.univasf.edu.br\/index.php?rest_route=%2Fwp%2Fv2%2Fcomments&post=733"}],"version-history":[{"count":6,"href":"https:\/\/cpa.univasf.edu.br\/index.php?rest_route=\/wp\/v2\/posts\/733\/revisions"}],"predecessor-version":[{"id":1130,"href":"https:\/\/cpa.univasf.edu.br\/index.php?rest_route=\/wp\/v2\/posts\/733\/revisions\/1130"}],"wp:featuredmedia":[{"embeddable":true,"href":"https:\/\/cpa.univasf.edu.br\/index.php?rest_route=\/wp\/v2\/media\/734"}],"wp:attachment":[{"href":"https:\/\/cpa.univasf.edu.br\/index.php?rest_route=%2Fwp%2Fv2%2Fmedia&parent=733"}],"wp:term":[{"taxonomy":"category","embeddable":true,"href":"https:\/\/cpa.univasf.edu.br\/index.php?rest_route=%2Fwp%2Fv2%2Fcategories&post=733"},{"taxonomy":"post_tag","embeddable":true,"href":"https:\/\/cpa.univasf.edu.br\/index.php?rest_route=%2Fwp%2Fv2%2Ftags&post=733"}],"curies":[{"name":"wp","href":"https:\/\/api.w.org\/{rel}","templated":true}]}}